{"id":8379,"date":"2022-05-10T19:13:42","date_gmt":"2022-05-10T17:13:42","guid":{"rendered":"https:\/\/www.sitlosophy.com\/?p=8379"},"modified":"2022-05-27T11:57:20","modified_gmt":"2022-05-27T09:57:20","slug":"sitlosophy-en-el-salone-del-mobile-2022","status":"publish","type":"post","link":"https:\/\/www.sitlosophy.com\/es\/sitlosophy-en-el-salone-del-mobile-2022\/","title":{"rendered":"SITLOSOPHY EN EL SALONE DEL MOBILE 2022"},"content":{"rendered":"<p>Del 7 al 12 de junio, SITLOSOPHY\u00ae estar\u00e1 entre los protagonistas del regreso del Salone del Mobile de Mil\u00e1n, el evento internacional dedicado al dise\u00f1o y al mobiliario. Tras dos a\u00f1os de par\u00f3n forzoso, el Salone del Mobile reabre sus puertas para presentar lo \u00faltimo del mejor dise\u00f1o italiano y extranjero: una cita ineludible para que los profesionales del sector vean las tendencias e innovaciones.<\/p>\n<p>Adem\u00e1s de presentar sus colecciones y nuevos cat\u00e1logos, el stand de SITLOSOPHY\u00ae acoger\u00e1 un calendario de eventos con 9 citas pensadas para explorar temas importantes con profesionales del dise\u00f1o y expertos en seguridad y sostenibilidad.<\/p>\n<p>Desde la planificaci\u00f3n del espacio y la seguridad en el trabajo hasta los proyectos de dise\u00f1o compartidos y la cuesti\u00f3n fundamental y actual de la sostenibilidad, los invitados de SITLOSOPHY\u00ae debatir\u00e1n con el p\u00fablico el futuro del dise\u00f1o en todos sus aspectos.<\/p>\n<p><strong>Los eventos tendr\u00e1n lugar en el stand de SITLOSOPHY\u00ae, en el pabell\u00f3n 12 \/ stand E06, desde el martes 7 de junio hasta el viernes 10 de junio a las 11 y a las 15 horas, y el s\u00e1bado 11 de junio a las 11 horas.<\/strong><\/p>\n<p>A continuaci\u00f3n el calendario de citas:<\/p>\n<h4>SOBRE EL DISE\u00d1O<br \/>\nConversaciones sobre dise\u00f1o y sostenibilidad<\/h4>\n<p>&nbsp;<\/p>\n<p><strong>Martes, 7_06.2022 \/ h 11 am<\/strong><br \/>\n<strong>Cuando el \u00e9xito de una empresa pasa por sus espacios de trabajo: el caso del Grupo Syncro<\/strong><br \/>\n<em>Ponente: Arch. Stefano Nolletti<\/em><\/p>\n<p><strong>Mi\u00e9rcoles 7_06.2022 \/ h 3 pm<\/strong><br \/>\n<strong>Well<\/strong><br \/>\n<em>Ponente: Abadir<\/em><\/p>\n<p><strong>Mi\u00e9rcoles 8_06.2022 \/ h 11 am<\/strong><br \/>\n<strong>CLUB SOCIAL: del arte relacional al trabajo<\/strong><br \/>\n<em>Ponente: Massimo Gianquitto \/ Level<\/em><\/p>\n<p><strong>Mi\u00e9rcoles 8_06.2022 \/ h 3 pm<\/strong><br \/>\n<strong>Fundaci\u00f3n SOS &#8211; Escuela de Sostenibilidad: Escuela de Sostenibilidad de Mario Cucinella<br \/>\n<\/strong><em>Ponente: Caterina Malinconico<\/em><strong><br \/>\n<\/strong><\/p>\n<p><strong>Jueves 9_06.2022 \/ h 11h<\/strong><br \/>\n<strong>Requisitos esenciales de seguridad, normas y certificaciones para el mobiliario de oficina \u00abconforme\u00bb Alessio Gnaccarini<\/strong><br \/>\n<em>Ponentes: Alessio Gnaccarini y Luca Tomassini \/ COSMOB<\/em><\/p>\n<p><strong>Jueves 9_06.2022 \/ h 3 pm<\/strong><br \/>\n<strong>Mobiliario y sostenibilidad clim\u00e1tica\/ambiental: c\u00f3mo innovar respondiendo al mercad<\/strong>o<br \/>\n<em>Ponente: Diego Florian \/ FSC\u00ae para muebles<\/em><\/p>\n<p><strong>Viernes 10_06.2022 \/ h 11 am<\/strong><br \/>\n<strong>Bim y dise\u00f1o de interiores<\/strong><br \/>\n<em>Ponente: Arch. Roberta Cecchi<\/em><\/p>\n<p><strong>Viernes 10_06.2022 \/ h 3 pm<\/strong><br \/>\n<strong>Figuras estil\u00edsticas y espacios p\u00fablicos<\/strong><br \/>\n<em>Ponente: Edi y Paolo Ciani<\/em><\/p>\n<p><strong>S\u00e1bado 11_06.2022 \/ h 11 am<\/strong><br \/>\n<strong>Objetos BIM en el entorno digital<\/strong><br \/>\n<em>Ponente: Arch. Matteo Paiano \/ Archicad<\/em><\/p>\n<p>&nbsp;<\/p>\n<p>La participaci\u00f3n en los eventos es gratuita.<\/p>\n","protected":false},"excerpt":{"rendered":"<p>Del 7 al 12 de junio, SITLOSOPHY\u00ae estar\u00e1 entre los protagonistas del regreso del Salone del Mobile de Mil\u00e1n, el evento internacional dedicado al dise\u00f1o y al mobiliario. Tras dos a\u00f1os de par\u00f3n forzoso, el Salone del Mobile reabre sus puertas para presentar lo \u00faltimo del mejor dise\u00f1o italiano y extranjero: una cita ineludible para [&hellip;]<\/p>\n","protected":false},"author":3,"featured_media":8390,"comment_status":"open","ping_status":"open","sticky":false,"template":"","format":"standard","meta":{"_acf_changed":false,"rank_math_lock_modified_date":false,"footnotes":""},"categories":[177],"tags":[],"acf":[],"_links":{"self":[{"href":"https:\/\/www.sitlosophy.com\/es\/wp-json\/wp\/v2\/posts\/8379"}],"collection":[{"href":"https:\/\/www.sitlosophy.com\/es\/wp-json\/wp\/v2\/posts"}],"about":[{"href":"https:\/\/www.sitlosophy.com\/es\/wp-json\/wp\/v2\/types\/post"}],"author":[{"embeddable":true,"href":"https:\/\/www.sitlosophy.com\/es\/wp-json\/wp\/v2\/users\/3"}],"replies":[{"embeddable":true,"href":"https:\/\/www.sitlosophy.com\/es\/wp-json\/wp\/v2\/comments?post=8379"}],"version-history":[{"count":3,"href":"https:\/\/www.sitlosophy.com\/es\/wp-json\/wp\/v2\/posts\/8379\/revisions"}],"predecessor-version":[{"id":8501,"href":"https:\/\/www.sitlosophy.com\/es\/wp-json\/wp\/v2\/posts\/8379\/revisions\/8501"}],"wp:featuredmedia":[{"embeddable":true,"href":"https:\/\/www.sitlosophy.com\/es\/wp-json\/wp\/v2\/media\/8390"}],"wp:attachment":[{"href":"https:\/\/www.sitlosophy.com\/es\/wp-json\/wp\/v2\/media?parent=8379"}],"wp:term":[{"taxonomy":"category","embeddable":true,"href":"https:\/\/www.sitlosophy.com\/es\/wp-json\/wp\/v2\/categories?post=8379"},{"taxonomy":"post_tag","embeddable":true,"href":"https:\/\/www.sitlosophy.com\/es\/wp-json\/wp\/v2\/tags?post=8379"}],"curies":[{"name":"wp","href":"https:\/\/api.w.org\/{rel}","templated":true}]}}